{"id":56446,"date":"2025-12-01T12:53:09","date_gmt":"2025-12-01T11:53:09","guid":{"rendered":"https:\/\/centredelamar.com\/obertes-les-inscripcions-per-al-curs-de-materials-sostenibles-per-a-la-construccio-dembarcacions\/"},"modified":"2026-01-12T08:28:31","modified_gmt":"2026-01-12T07:28:31","slug":"obertes-les-inscripcions-per-al-curs-de-materials-sostenibles-per-a-la-construccio-dembarcacions","status":"publish","type":"post","link":"https:\/\/centredelamar.com\/es\/obertes-les-inscripcions-per-al-curs-de-materials-sostenibles-per-a-la-construccio-dembarcacions\/","title":{"rendered":"Abiertas las inscripciones para el Curso de Materiales Sostenibles para la Construcci\u00f3n de Embarcaciones"},"content":{"rendered":"<p data-start=\"295\" data-end=\"586\">Ya tenemos abiertas las inscripciones para el Curso de Materiales Sostenibles para la Construcci\u00f3n de Embarcaciones, una formaci\u00f3n innovadora al CIFP Centre de la Mar (Ma\u00f3) centrada en las nuevas tendencias del sector n\u00e1utico en el \u00e1mbito de los materiales bio-basados y de bajo impacto ambiental.<\/p>\n<p data-start=\"588\" data-end=\"745\">El curso se llevar\u00e1 a cabo entre el 19 de enero y el 26 de febrero de 2026, en horario de atardecer, a las instalaciones del Centre de la Mar de Ma\u00f3. Se trata de una oportunidad \u00fanica para conocer de primera mano los materiales que marcar\u00e1n el futuro de la n\u00e1utica y adquirir habilidades pr\u00e1cticas muy demandadas al sector. <\/p>\n<h3 data-start=\"926\" data-end=\"957\">A quien se dirige este curso?<\/h3>\n<p data-start=\"959\" data-end=\"985\">El curso est\u00e1 pensado para:<\/p>\n<ul data-start=\"987\" data-end=\"1263\">\n<li data-start=\"987\" data-end=\"1083\">\n<p data-start=\"989\" data-end=\"1083\">Profesionales del sector n\u00e1utico interesados en la transici\u00f3n hacia soluciones m\u00e1s sostenibles.<\/p>\n<\/li>\n<li data-start=\"1084\" data-end=\"1154\">\n<p data-start=\"1086\" data-end=\"1154\">Estudiantes y t\u00e9cnicos de la construcci\u00f3n y reparaci\u00f3n de embarcaciones.<\/p>\n<\/li>\n<li data-start=\"1155\" data-end=\"1263\">\n<p data-start=\"1157\" data-end=\"1263\">Personas vinculadas a la industria mar\u00edtima que quieran incorporar criterios ambientales a sus proyectos.<\/p>\n<\/li>\n<\/ul>\n<h3 data-start=\"1270\" data-end=\"1288\">Qu\u00e9 aprenderemos?<\/h3>\n<p data-start=\"1290\" data-end=\"1496\">Se trata de un curso te\u00f2rico-pr\u00e1ctico, dise\u00f1ado para introducir los participantes en el uso de materiales sostenibles aplicados a la construcci\u00f3n y reparaci\u00f3n de embarcaciones. A lo largo de las sesiones trabajaremos: <\/p>\n<p data-start=\"1498\" data-end=\"1712\">Nuevas fibras y resinas sostenibles<br data-start=\"1539\" data-end=\"1542\">Trabajaremos con fibras naturales y resinas bio-basadas (bioepoxis), analizando sus propiedades, ventajas y posibilidades reales de aplicaci\u00f3n al sector n\u00e1utico.<\/p>\n<p data-start=\"1714\" data-end=\"1906\">Procesos pr\u00e1cticos de laminado<br data-start=\"1752\" data-end=\"1755\">Conoceremos y pondremos en pr\u00e1ctica t\u00e9cnicas de laminado adaptadas a estos materiales, con ejercicios reales de taller para consolidar el aprendizaje.<\/p>\n<p data-start=\"1908\" data-end=\"2117\">Evaluaci\u00f3n del ciclo de vida de los materiales<br data-start=\"1957\" data-end=\"1960\">Aprenderemos a valorar el impacto ambiental de los diferentes materiales y procesos, y a tomar decisiones informadas basadas en criterios de sostenibilidad.<\/p>\n<p data-start=\"2119\" data-end=\"2322\">Aplicaciones al sector n\u00e1utico real<br data-start=\"2159\" data-end=\"2162\">Trabajaremos casos pr\u00e1cticos y ejemplos actuales de astilleros innovadores que ya est\u00e1n incorporando estos materiales a la construcci\u00f3n y reparaci\u00f3n de embarcaciones.<\/p>\n<h3 data-start=\"2329\" data-end=\"2345\">* Actualizaci\u00f3n 12\/01\/26: Inscripciones cerradas.<\/h3>\n<p data-start=\"2421\" data-end=\"2454\">\n","protected":false},"excerpt":{"rendered":"<p>Ya tenemos abiertas las inscripciones para el Curso de Materiales Sostenibles para la Construcci\u00f3n de Embarcaciones, una formaci\u00f3n innovadora al CIFP Centre de la Mar (Ma\u00f3) centrada en las nuevas tendencias del sector n\u00e1utico en el \u00e1mbito de los materiales bio-basados y de bajo impacto ambiental. El curso se llevar\u00e1 a cabo entre el 19 [&hellip;]<\/p>\n","protected":false},"author":7,"featured_media":56485,"comment_status":"open","ping_status":"open","sticky":false,"template":"","format":"standard","meta":{"_acf_changed":false,"_et_pb_use_builder":"","_et_pb_old_content":"","_et_gb_content_width":"","footnotes":"","_links_to":"","_links_to_target":""},"categories":[19],"tags":[],"class_list":["post-56446","post","type-post","status-publish","format-standard","has-post-thumbnail","hentry","category-sin-categorizar"],"acf":[],"publishpress_future_action":{"enabled":false,"date":"2026-05-03 17:58:56","action":"change-status","newStatus":"draft","terms":[],"taxonomy":"category","extraData":[]},"publishpress_future_workflow_manual_trigger":{"enabledWorkflows":[]},"_links":{"self":[{"href":"https:\/\/centredelamar.com\/es\/wp-json\/wp\/v2\/posts\/56446","targetHints":{"allow":["GET"]}}],"collection":[{"href":"https:\/\/centredelamar.com\/es\/wp-json\/wp\/v2\/posts"}],"about":[{"href":"https:\/\/centredelamar.com\/es\/wp-json\/wp\/v2\/types\/post"}],"author":[{"embeddable":true,"href":"https:\/\/centredelamar.com\/es\/wp-json\/wp\/v2\/users\/7"}],"replies":[{"embeddable":true,"href":"https:\/\/centredelamar.com\/es\/wp-json\/wp\/v2\/comments?post=56446"}],"version-history":[{"count":1,"href":"https:\/\/centredelamar.com\/es\/wp-json\/wp\/v2\/posts\/56446\/revisions"}],"predecessor-version":[{"id":56489,"href":"https:\/\/centredelamar.com\/es\/wp-json\/wp\/v2\/posts\/56446\/revisions\/56489"}],"wp:featuredmedia":[{"embeddable":true,"href":"https:\/\/centredelamar.com\/es\/wp-json\/wp\/v2\/media\/56485"}],"wp:attachment":[{"href":"https:\/\/centredelamar.com\/es\/wp-json\/wp\/v2\/media?parent=56446"}],"wp:term":[{"taxonomy":"category","embeddable":true,"href":"https:\/\/centredelamar.com\/es\/wp-json\/wp\/v2\/categories?post=56446"},{"taxonomy":"post_tag","embeddable":true,"href":"https:\/\/centredelamar.com\/es\/wp-json\/wp\/v2\/tags?post=56446"}],"curies":[{"name":"wp","href":"https:\/\/api.w.org\/{rel}","templated":true}]}}