{"id":55166,"date":"2024-12-12T12:55:57","date_gmt":"2024-12-12T11:55:57","guid":{"rendered":"https:\/\/centredelamar.com\/centre-de-la-mar-participa-en-el-proyecto-europeo-teconoaut\/"},"modified":"2024-12-18T12:04:57","modified_gmt":"2024-12-18T11:04:57","slug":"centre-de-la-mar-participa-en-el-proyecto-europeo-teconoaut","status":"publish","type":"post","link":"https:\/\/centredelamar.com\/es\/centre-de-la-mar-participa-en-el-proyecto-europeo-teconoaut\/","title":{"rendered":"El Centre de la Mar participa en el proyecto europeo Teconaut"},"content":{"rendered":"<p><b>El Centre de la Mar participa en el proyecto europeo Teconaut<\/b><\/p>\n<p><span style=\"font-weight: 400;\">El Centre de la Mar del SOIB ha dado un nuevo paso en su compromiso con la formaci\u00f3n innovadora y la inserci\u00f3n laboral en el sector n\u00e1utico. Como parte del programa Erasmus+, nuestro equipo ha participado en una reuni\u00f3n de seguimiento del proyecto Teconoaut en Bremen, Alemania. Este proyecto, que cuenta con la participaci\u00f3n de entidades y empresas del sector n\u00e1utico a nivel europeo, se centra en desarrollar nuevas competencias y tecnolog\u00edas para responder a los desaf\u00edos actuales del sector.  <\/span><\/p>\n<p><span style=\"font-weight: 400;\">Durante dos d\u00edas en Bremen, nuestro equipo ha tenido la oportunidad de trabajar de lado con profesionales y expertos de distintos pa\u00edses europeos, compartiendo conocimientos y revisando los avances del proyecto Teconaut. Este encuentro no s\u00f3lo ha servido para evaluar el progreso y establecer nuevas metas, sino tambi\u00e9n para fortalecer la cooperaci\u00f3n entre las entidades participantes, que buscan un objetivo com\u00fan: impulsar la innovaci\u00f3n en el \u00e1mbito de la tecnolog\u00eda n\u00e1utica y mejorar la formaci\u00f3n y empleabilidad en este sector.<\/span><\/p>\n<p><span style=\"font-weight: 400;\">Un hito destacado de esta reuni\u00f3n ha sido la presentaci\u00f3n de la cronolog\u00eda para las bases del dise\u00f1o y desarrollo de un nuevo curso centrado en materiales deep-tech. Adem\u00e1s, a partir de ahora, SOIB asumir\u00e1 la direcci\u00f3n del grupo de colaboradores, liderando esta tarea que arranca en diciembre y que est\u00e1 programada para finalizar en febrero de 2026.<\/span><\/p>\n<p><span style=\"font-weight: 400;\">(deep tech<\/span><i><span style=\"font-weight: 400;\">)<\/span><\/i><span style=\"font-weight: 400;\">. Adem\u00e1s, a partir de ahora, el SOIB asumir\u00e1 la direcci\u00f3n del grupo de colaboradores y liderar\u00e1 esta labor que comienza en diciembre y est\u00e1 programada para que acabe en febrero de 2026.<\/span><\/p>\n<p><span style=\"font-weight: 400;\">El proyecto Teconaut, en el que el Centro del Mar participa activamente, est\u00e1 dise\u00f1ado para fomentar alianzas estrat\u00e9gicas y generar programas formativos que respondan a las necesidades reales del mercado n\u00e1utico, en las que se promueve una educaci\u00f3n m\u00e1s pr\u00e1ctica y adaptada a las demandas actuales. Con esta experiencia en Bremen, el Centro del Mar reafirma su compromiso de ofrecer a sus estudiantes una formaci\u00f3n de calidad, alineada con los est\u00e1ndares europeos y centrada en las competencias necesarias para el futuro de la industria n\u00e1utica.<\/span><\/p>\n<p><span style=\"font-weight: 400;\">Para obtener m\u00e1s detalles sobre el proyecto Teconaut y nuestra participaci\u00f3n, visita<\/span><a href=\"https:\/\/centredelamar.com\/es\/erasmus-alianzas-para-la-innovacion\/\"> nuestro<span style=\"font-weight: 400;\"> apartado Erasmus+ en la web<\/span><\/a><span style=\"font-weight: 400;\">.<\/span><\/p>\n<div class=\"et_pb_slider et_pb_slider_fullwidth_off et_pb_gallery_post_type\">\n\t\t\t\t<div class=\"et_pb_slides\">\n\t\t\t\t\t<div class=\"et_pb_slide\" style=\"background: url(https:\/\/centredelamar.com\/wp-content\/uploads\/2024\/12\/IMG-20241203-WA0001.jpg);\"><\/div><div class=\"et_pb_slide\" style=\"background: url(https:\/\/centredelamar.com\/wp-content\/uploads\/2024\/12\/IMG-20241203-WA0003.jpg);\"><\/div><div class=\"et_pb_slide\" style=\"background: url(https:\/\/centredelamar.com\/wp-content\/uploads\/2024\/12\/WhatsApp-Image-2024-12-10-at-10.53.28-1.jpeg);\"><\/div><div class=\"et_pb_slide\" style=\"background: url(https:\/\/centredelamar.com\/wp-content\/uploads\/2024\/12\/WhatsApp-Image-2024-12-10-at-10.53.38-2.jpeg);\"><\/div><div class=\"et_pb_slide\" style=\"background: url(https:\/\/centredelamar.com\/wp-content\/uploads\/2024\/12\/IMG_20241203_094833-scaled.jpg);\"><\/div>\n\t\t\t\t<\/div>\n\t\t\t<\/div>\n","protected":false},"excerpt":{"rendered":"<p>El Centre de la Mar participa en el proyecto europeo Teconaut El Centre de la Mar del SOIB ha dado un nuevo paso en su compromiso con la formaci\u00f3n innovadora y la inserci\u00f3n laboral en el sector n\u00e1utico. Como parte del programa Erasmus+, nuestro equipo ha participado en una reuni\u00f3n de seguimiento del proyecto Teconoaut [&hellip;]<\/p>\n","protected":false},"author":7,"featured_media":55147,"comment_status":"open","ping_status":"open","sticky":false,"template":"","format":"standard","meta":{"_acf_changed":false,"_et_pb_use_builder":"","_et_pb_old_content":"","_et_gb_content_width":"","footnotes":"","_links_to":"","_links_to_target":""},"categories":[50],"tags":[],"class_list":["post-55166","post","type-post","status-publish","format-standard","has-post-thumbnail","hentry","category-noticias"],"acf":[],"publishpress_future_action":{"enabled":false,"date":"2026-05-07 15:10:13","action":"change-status","newStatus":"draft","terms":[],"taxonomy":"category","extraData":[]},"publishpress_future_workflow_manual_trigger":{"enabledWorkflows":[]},"_links":{"self":[{"href":"https:\/\/centredelamar.com\/es\/wp-json\/wp\/v2\/posts\/55166","targetHints":{"allow":["GET"]}}],"collection":[{"href":"https:\/\/centredelamar.com\/es\/wp-json\/wp\/v2\/posts"}],"about":[{"href":"https:\/\/centredelamar.com\/es\/wp-json\/wp\/v2\/types\/post"}],"author":[{"embeddable":true,"href":"https:\/\/centredelamar.com\/es\/wp-json\/wp\/v2\/users\/7"}],"replies":[{"embeddable":true,"href":"https:\/\/centredelamar.com\/es\/wp-json\/wp\/v2\/comments?post=55166"}],"version-history":[{"count":0,"href":"https:\/\/centredelamar.com\/es\/wp-json\/wp\/v2\/posts\/55166\/revisions"}],"wp:featuredmedia":[{"embeddable":true,"href":"https:\/\/centredelamar.com\/es\/wp-json\/wp\/v2\/media\/55147"}],"wp:attachment":[{"href":"https:\/\/centredelamar.com\/es\/wp-json\/wp\/v2\/media?parent=55166"}],"wp:term":[{"taxonomy":"category","embeddable":true,"href":"https:\/\/centredelamar.com\/es\/wp-json\/wp\/v2\/categories?post=55166"},{"taxonomy":"post_tag","embeddable":true,"href":"https:\/\/centredelamar.com\/es\/wp-json\/wp\/v2\/tags?post=55166"}],"curies":[{"name":"wp","href":"https:\/\/api.w.org\/{rel}","templated":true}]}}