{"id":54070,"date":"2023-04-26T09:37:51","date_gmt":"2023-04-26T07:37:51","guid":{"rendered":"https:\/\/centredelamar.com\/el-soib-participa-en-la-palma-international-boat-show-2023-con-un-amplio-programa-de-actividades-dirigidas-a-la-formacion-y-la-intermediacion-profesional\/"},"modified":"2023-04-26T09:45:48","modified_gmt":"2023-04-26T07:45:48","slug":"el-soib-participa-en-la-palma-international-boat-show-2023-con-un-amplio-programa-de-actividades-dirigidas-a-la-formacion-y-la-intermediacion-profesional","status":"publish","type":"post","link":"https:\/\/centredelamar.com\/es\/el-soib-participa-en-la-palma-international-boat-show-2023-con-un-amplio-programa-de-actividades-dirigidas-a-la-formacion-y-la-intermediacion-profesional\/","title":{"rendered":"El SOIB participa en la Palma International Boat Show 2023 con un amplio programa de actividades dirigidas a la formaci\u00f3n y la intermediaci\u00f3n profesional"},"content":{"rendered":"<p><span style=\"font-weight: 400;\">El Servicio de Ocupaci\u00f3n de las Islas Baleares, mediante la divisi\u00f3n de N\u00e1utica de la Oficina Sectorial de Hoteleria y Turismo y los Centros Integrados de Formaci\u00f3n Profesional, CIPF Centre de la Mar y CIPF l&#8217;Embat, trabaja conjuntamente con las asociaciones Balearic Marine Cluster y Anen-*Aenib para promocionar y mejorar la formaci\u00f3n y la ocupaci\u00f3n en el sector n\u00e1utico. <\/span><\/p>\n<p><span style=\"font-weight: 400;\">El SOIB participa un a\u00f1o m\u00e1s en la Palma International Boat Show con un amplio programa de actividades que incluye la mesa redonda \u00abLos nuevos retos de la formaci\u00f3n profesional n\u00e1utica en las Islas Baleares\u00bb, la presentaci\u00f3n por parte de Balearic Marine Cluster de las oportunidades en el mundo de la n\u00e1utica en la red del personal de orientaci\u00f3n POAP, y charlas informativas y visitas guiadas a los Servicios T\u00e9cnicos Portuarios (STP) y Astilleros de Mallorca, dirigidas al p\u00fablico general, para promocionar la formaci\u00f3n y la ocupaci\u00f3n en el sector. <\/span><\/p>\n<p><span style=\"font-weight: 400;\">Adem\u00e1s, el SOIB cuenta con un estand informativo especialmente dedicado a la formaci\u00f3n, ocupaci\u00f3n e intermediaci\u00f3n laboral en el sector n\u00e1utico. <\/span><span style=\"font-weight: 400;\">Ante el creciente impulso de la econom\u00eda azul, que reconoce la importancia de los mares y los oc\u00e9anos como motores de la econom\u00eda por su gran potencial para la innovaci\u00f3n y el crecimiento, el SOIB proporciona formaci\u00f3n sectorial especializada tanto a personas ocupadas como desocupadas:<\/span><\/p>\n<ul>\n<li style=\"font-weight: 400;\" aria-level=\"1\"><span style=\"font-weight: 400;\">Acciones formativas para obtener certificados de profesionalidad de diferentes especialidades n\u00e1uticas ([TMV] y Transporte y mantenimiento de veh\u00edculos) [MAP]<\/span><\/li>\n<li style=\"font-weight: 400;\" aria-level=\"1\"><span style=\"font-weight: 400;\">Programa SOIB DUAL Sectores Estrat\u00e9gicos<\/span><\/li>\n<li style=\"font-weight: 400;\" aria-level=\"1\"><span style=\"font-weight: 400;\">Programa SOIB Compromiso de Contrataci\u00f3n<\/span><\/li>\n<\/ul>\n<p><span style=\"font-weight: 400;\">Las personas interesadas en esta formaci\u00f3n pueden consultarla al buscador de cursos del web <\/span><a href=\"http:\/\/www.soib.es\/\"><span style=\"font-weight: 400;\">www.soib.es<\/span><\/a><span style=\"font-weight: 400;\"> y a los destacados de la web, donde se publican las acciones formativas de Dual y Compromiso de Contrataci\u00f3n, una f\u00f3rmula atractiva que permite trabajar y formarse a la vez. Tambi\u00e9n pueden consultar los cursos de los CIPF, Centre de la Mar en Menorca (<\/span><a href=\"http:\/\/www.centredelamar.com\/\"><span style=\"font-weight: 400;\">www.centredelamar.com<\/span><\/a><span style=\"font-weight: 400;\">) i l&#8217;Embat (www.cifplembat.com)<\/span><\/p>\n<p><i><span style=\"font-weight: 400;\">Programa de actos del SOIB\/<\/span><\/i><\/p>\n<p><i><span style=\"font-weight: 400;\">Jornada para dar a conocer al personal de orientaci\u00f3n de los POAP el mundo de la n\u00e1utica y las oportunidades laborales que el sector puede ofrecer a los j\u00f3venes de las Baleares<\/span><\/i><span style=\"font-weight: 400;\">.<\/span><\/p>\n<p><span style=\"font-weight: 400;\">Fecha: d\u00eda 27 de abril entre las 9.30 h y las 14 h.<\/span><\/p>\n<p><span style=\"font-weight: 400;\">Ubicaci\u00f3n: Autoritat Portu\u00e0ria, Moll Vell, 3 Port de Palma<\/span><\/p>\n<p><span style=\"font-weight: 400;\">Mesa redonda<\/span><i><span style=\"font-weight: 400;\"> \u00abEls nous reptes de la formaci\u00f3 professional n\u00e0utica a les Illes Balears\u00bb, <\/span><\/i><span style=\"font-weight: 400;\">con la presencia de Lloren\u00e7 Pou Garcias, director general de Modelo Econ\u00f3mico y Ocupaci\u00f3n, <\/span><span style=\"font-weight: 400;\">Jos\u00e9 Lu\u00eds Sastre Gard\u00e9s, miembro del consejo de administraci\u00f3n de Balearic Marino Cluster y CEO de Sasga Yachts<\/span><span style=\"font-weight: 400;\">, Margarita Dahlberg Coll, CEO Dahlberg SA y miembro de la junta directiva AENIB, Miquel Mestre, director del CIFP l&#8217;Embat y Carlos Garcia Petrus, director del CIPF Centre de la Mar &#8211; Centro de Referencia Nacional de N\u00e1utica<\/span><\/p>\n<p><span style=\"font-weight: 400;\">Fecha: 28 de abril de 11.15 h a 12.00 h.<\/span><\/p>\n<p><span style=\"font-weight: 400;\">Ubicaci\u00f3n: Autoritat Portu\u00e0ria, <\/span><span style=\"font-weight: 400;\">Moll Vell, 3<\/span><span style=\"font-weight: 400;\"> Port de Palma<\/span><\/p>\n<p><span style=\"font-weight: 400;\">Jornadas Informativas<\/span> <i><span style=\"font-weight: 400;\">\u00abConeix les oportunitats que ofereix el sector n\u00e0utic\u00bb <\/span><\/i><span style=\"font-weight: 400;\">i visites guiades als Serveis T\u00e8cnics Portuaris (STP) y Astilleros de Mallorca<\/span><i><span style=\"font-weight: 400;\">.<\/span><\/i><\/p>\n<p><span style=\"font-weight: 400;\">Con el objetivo de presentar las oportunidades de formaci\u00f3n y ocupaci\u00f3n que ofrece la n\u00e1utica a las personas interesadas a hacer trabajo en este \u00e1mbito.<\/span><\/p>\n<p><span style=\"font-weight: 400;\">Fehcas: 27 y 28 d\u2019abril de 2023 <\/span><\/p>\n<p><span style=\"font-weight: 400;\">Ubicaci\u00f3n: Autoritat Portu\u00e0ria, Moll Vell, 3 Port de Palma<\/span><\/p>\n<p><span style=\"font-weight: 400;\">Para m\u00e1s informaci\u00f3n e inscripciones: https:\/\/soib.es\/xerrada-informativa-i-visita-sector-nautic\/<\/span><\/p>\n","protected":false},"excerpt":{"rendered":"<p>El Servicio de Ocupaci\u00f3n de las Islas Baleares, mediante la divisi\u00f3n de N\u00e1utica de la Oficina Sectorial de Hoteleria y Turismo y los Centros Integrados de Formaci\u00f3n Profesional, CIPF Centre de la Mar y CIPF l&#8217;Embat, trabaja conjuntamente con las asociaciones Balearic Marine Cluster y Anen-*Aenib para promocionar y mejorar la formaci\u00f3n y la ocupaci\u00f3n [&hellip;]<\/p>\n","protected":false},"author":7,"featured_media":54068,"comment_status":"open","ping_status":"open","sticky":false,"template":"","format":"standard","meta":{"_acf_changed":false,"_et_pb_use_builder":"","_et_pb_old_content":"","_et_gb_content_width":"","footnotes":"","_links_to":"","_links_to_target":""},"categories":[50],"tags":[225,126,95,216,104,129,223,226,107,224],"class_list":["post-54070","post","type-post","status-publish","format-standard","has-post-thumbnail","hentry","category-noticias","tag-boat-es","tag-centre-de-la-mar-es","tag-formacio-es","tag-illes-balears-es","tag-mar-es","tag-nautica-es","tag-palma-es","tag-pibs23-es","tag-soib-es","tag-treballsoib-es"],"acf":[],"publishpress_future_action":{"enabled":false,"date":"2026-05-10 10:45:22","action":"change-status","newStatus":"draft","terms":[],"taxonomy":"category","extraData":[]},"publishpress_future_workflow_manual_trigger":{"enabledWorkflows":[]},"_links":{"self":[{"href":"https:\/\/centredelamar.com\/es\/wp-json\/wp\/v2\/posts\/54070","targetHints":{"allow":["GET"]}}],"collection":[{"href":"https:\/\/centredelamar.com\/es\/wp-json\/wp\/v2\/posts"}],"about":[{"href":"https:\/\/centredelamar.com\/es\/wp-json\/wp\/v2\/types\/post"}],"author":[{"embeddable":true,"href":"https:\/\/centredelamar.com\/es\/wp-json\/wp\/v2\/users\/7"}],"replies":[{"embeddable":true,"href":"https:\/\/centredelamar.com\/es\/wp-json\/wp\/v2\/comments?post=54070"}],"version-history":[{"count":0,"href":"https:\/\/centredelamar.com\/es\/wp-json\/wp\/v2\/posts\/54070\/revisions"}],"wp:featuredmedia":[{"embeddable":true,"href":"https:\/\/centredelamar.com\/es\/wp-json\/wp\/v2\/media\/54068"}],"wp:attachment":[{"href":"https:\/\/centredelamar.com\/es\/wp-json\/wp\/v2\/media?parent=54070"}],"wp:term":[{"taxonomy":"category","embeddable":true,"href":"https:\/\/centredelamar.com\/es\/wp-json\/wp\/v2\/categories?post=54070"},{"taxonomy":"post_tag","embeddable":true,"href":"https:\/\/centredelamar.com\/es\/wp-json\/wp\/v2\/tags?post=54070"}],"curies":[{"name":"wp","href":"https:\/\/api.w.org\/{rel}","templated":true}]}}