{"id":54063,"date":"2023-04-24T09:04:13","date_gmt":"2023-04-24T07:04:13","guid":{"rendered":"https:\/\/centredelamar.com\/participacion-del-centre-de-la-mar-del-soib-al-x-congreso-nautico\/"},"modified":"2023-04-24T09:04:13","modified_gmt":"2023-04-24T07:04:13","slug":"participacion-del-centre-de-la-mar-del-soib-al-x-congreso-nautico","status":"publish","type":"post","link":"https:\/\/centredelamar.com\/es\/participacion-del-centre-de-la-mar-del-soib-al-x-congreso-nautico\/","title":{"rendered":"Participaci\u00f3n del Centre de la Mar del SOIB al X Congreso N\u00e1utico"},"content":{"rendered":"<p><span style=\"font-weight: 400;\">Del 9 al 10 de marzo, se llev\u00f3 a cabo en San Sebasti\u00e1n, Euskadi, el X Congreso N\u00e1utico, bajo el t\u00edtulo \u00abUna d\u00e9cada de impulso azul\u00bb. Cerca de medio millar de profesionales de la industria se reunieron en este acontecimiento donde expertos nacionales e internacionales ofrecieron su punto de vista sobre la situaci\u00f3n actual del sector y se discutieron temas importantes como la formaci\u00f3n, el turismo, la econom\u00eda, la sostenibilidad, la digitalizaci\u00f3n y la legislaci\u00f3n.<\/span><\/p>\n<p><span style=\"font-weight: 400;\">El director del CIFP Centre de la Mar del SOIB, Carlos Garc\u00eda Petrus, particip\u00f3 junto con el fundador y director de la Asociaci\u00f3n Albaola, Xabier Agote, y lo CEO y fundador de Sasga Yachts, Jos\u00e9 Luis Sastre a un debate sobre formaci\u00f3n, donde se resalt\u00f3 la importancia de promover una formaci\u00f3n especializada en el sector.<\/span><\/p>\n<p><span style=\"font-weight: 400;\">Carlos Garc\u00eda Petrus explic\u00f3 con detalle el an\u00e1lisis de las necesidades formativas del sector, que junto con ANEN, se realiz\u00f3 durante el pasado 2022 en el marco de los objetivos del Plan Anual 2022 del Centro de Referencia Nacional de N\u00e1utica. Se destacaron, entre otros datos de inter\u00e9s, que las encuestas llevadas a cabo a empresas n\u00e1uticas reflejan que m\u00e1s del 70% no tiene suficiente personal y que m\u00e1s del 80% no encuentra los perfiles que necesitan en el mercado laboral. El informe tambi\u00e9n se\u00f1ala la falta de conocimiento del sistema de formaci\u00f3n profesional por parte del sector, la preocupaci\u00f3n por la falta de formaci\u00f3n en tecnolog\u00eda y la necesidad de habilidades espec\u00edficas en los futuros empleados.<\/span><\/p>\n<p><span style=\"font-weight: 400;\">Tambi\u00e9n se expuso que, despu\u00e9s de analizar estos datos, el Centre de la Mar, ha dise\u00f1ado un plan de trabajo a cuatro a\u00f1os para actualizar la formaci\u00f3n y satisfacer las demandas del sector. Este plan incluye el hecho de impulsar y fomentar el crecimiento de la red de centros de formaci\u00f3n n\u00e1utica y de docentes, as\u00ed como el aumento del n\u00famero de profesionales calificados a trav\u00e9s de la mejora y actualizaci\u00f3n de los itinerarios formativos.<\/span><\/p>\n<p><span style=\"font-weight: 400;\">Muchos de los expertos reunidos en el congreso, coincidieron en la necesidad de adaptarse a los cambios tecnol\u00f3gicos y las nuevas demandas del mercado, as\u00ed como en la importancia de contar con personal altamente capacitado y especializado. Tambi\u00e9n se discuti\u00f3 la necesidad de fomentar la formaci\u00f3n continua para mantener a los profesionales actualizados y en sinton\u00eda con las tendencias del sector.t.<\/span><\/p>\n","protected":false},"excerpt":{"rendered":"<p>Del 9 al 10 de marzo, se llev\u00f3 a cabo en San Sebasti\u00e1n, Euskadi, el X Congreso N\u00e1utico, bajo el t\u00edtulo \u00abUna d\u00e9cada de impulso azul\u00bb. Cerca de medio millar de profesionales de la industria se reunieron en este acontecimiento donde expertos nacionales e internacionales ofrecieron su punto de vista sobre la situaci\u00f3n actual del [&hellip;]<\/p>\n","protected":false},"author":7,"featured_media":54061,"comment_status":"open","ping_status":"open","sticky":false,"template":"","format":"standard","meta":{"_acf_changed":false,"_et_pb_use_builder":"","_et_pb_old_content":"","_et_gb_content_width":"","footnotes":"","_links_to":"","_links_to_target":""},"categories":[50],"tags":[114,192,137,104,129,107],"class_list":["post-54063","post","type-post","status-publish","format-standard","has-post-thumbnail","hentry","category-noticias","tag-congreso","tag-formacion-nautica","tag-innovacion","tag-mar-es","tag-nautica-es","tag-soib-es"],"acf":[],"publishpress_future_action":{"enabled":false,"date":"2026-05-09 11:05:00","action":"change-status","newStatus":"draft","terms":[],"taxonomy":"category","extraData":[]},"publishpress_future_workflow_manual_trigger":{"enabledWorkflows":[]},"_links":{"self":[{"href":"https:\/\/centredelamar.com\/es\/wp-json\/wp\/v2\/posts\/54063","targetHints":{"allow":["GET"]}}],"collection":[{"href":"https:\/\/centredelamar.com\/es\/wp-json\/wp\/v2\/posts"}],"about":[{"href":"https:\/\/centredelamar.com\/es\/wp-json\/wp\/v2\/types\/post"}],"author":[{"embeddable":true,"href":"https:\/\/centredelamar.com\/es\/wp-json\/wp\/v2\/users\/7"}],"replies":[{"embeddable":true,"href":"https:\/\/centredelamar.com\/es\/wp-json\/wp\/v2\/comments?post=54063"}],"version-history":[{"count":0,"href":"https:\/\/centredelamar.com\/es\/wp-json\/wp\/v2\/posts\/54063\/revisions"}],"wp:featuredmedia":[{"embeddable":true,"href":"https:\/\/centredelamar.com\/es\/wp-json\/wp\/v2\/media\/54061"}],"wp:attachment":[{"href":"https:\/\/centredelamar.com\/es\/wp-json\/wp\/v2\/media?parent=54063"}],"wp:term":[{"taxonomy":"category","embeddable":true,"href":"https:\/\/centredelamar.com\/es\/wp-json\/wp\/v2\/categories?post=54063"},{"taxonomy":"post_tag","embeddable":true,"href":"https:\/\/centredelamar.com\/es\/wp-json\/wp\/v2\/tags?post=54063"}],"curies":[{"name":"wp","href":"https:\/\/api.w.org\/{rel}","templated":true}]}}