{"id":54028,"date":"2023-03-21T13:19:07","date_gmt":"2023-03-21T12:19:07","guid":{"rendered":"https:\/\/centredelamar.com\/primer-consejo-social-del-cifp-centre-de-la-mar-del-soib\/"},"modified":"2023-03-21T13:19:07","modified_gmt":"2023-03-21T12:19:07","slug":"primer-consejo-social-del-cifp-centre-de-la-mar-del-soib","status":"publish","type":"post","link":"https:\/\/centredelamar.com\/es\/primer-consejo-social-del-cifp-centre-de-la-mar-del-soib\/","title":{"rendered":"Primer Consejo Social del CIFP Centre de la Mar del SOIB"},"content":{"rendered":"<p><span style=\"font-weight: 400;\">Hoy, 21 de marzo, se lleva a cabo el primer Consejo Social del CIFP Centro del Mar del SOIB como centro integrado de formaci\u00f3n profesional.<\/span><\/p>\n<p><span style=\"font-weight: 400;\">Queremos destacar este acontecimiento por la consolidaci\u00f3n del Centro en el \u00e1mbito educativo, pero tambi\u00e9n, para ser el primer Consejo Social que se hace en el \u00e1mbito insular. Este acto marca el inicio de una nueva etapa de mejora en la estructura de la formaci\u00f3n profesional en la isla, puesto que el Centro del Mar es lo primero, y por ahora el \u00fanico, centro integrado de formaci\u00f3n profesional.<\/span><\/p>\n<p><span style=\"font-weight: 400;\">En este sentido, queremos recalcar la importancia de los centros integrados de formaci\u00f3n profesional (CIFP), puesto que son centros educativos orientados a ofrecer una amplia gama de programas de formaci\u00f3n profesional en diferentes \u00e1reas, en que se incluyen industria, comercio, servicios y agricultura, entre otras. En nuestro caso, est\u00e1 orientado al sector n\u00e1utico, tejido productivo clave a la econom\u00eda de Menorca y de las Islas Baleares.<\/span><\/p>\n<p><span style=\"font-weight: 400;\">Los CIFP est\u00e1n dise\u00f1ados para proporcionar a los estudiantes una formaci\u00f3n completa y de alta calidad, combinando la formaci\u00f3n te\u00f3rica con la pr\u00e1ctica en talleres y laboratorios, y la realizaci\u00f3n de pr\u00e1cticas en empresas del sector. Adem\u00e1s, los CIFP suelen ofrecer cursos de formaci\u00f3n continua para trabajadores en activo y programas de certificaci\u00f3n para los que quieran mejorar sus habilidades y los conocimientos en su \u00e1rea de trabajo. El Centre de la Mar, en este sentido, aporta una gran actividad formativa, ofrece y ampl\u00eda la oferta educativa profesional en Menorca.<\/span><\/p>\n<p><span style=\"font-weight: 400;\">El Consejo Social de un CIFP es el \u00f3rgano de participaci\u00f3n de la sociedad y de los diferentes miembros de la comunidad educativa en el gobierno del centro. Los IES disponen de un Consejo Escolar donde participa la administraci\u00f3n que gestiona el centro, el alumnado, el profesorado y la administraci\u00f3n local. En cambio, al Consejo Social, hay tambi\u00e9n representaci\u00f3n de los sindicatos y de las empresas con el objetivo de conseguir una mejor integraci\u00f3n con el tejido productivo.<\/span><\/p>\n<p><span style=\"font-weight: 400;\">Esta tipolog\u00eda de regulaci\u00f3n del CIFP permite, por lo tanto, un v\u00ednculo pr\u00f3ximo y constando con las necesidades sectoriales formativas y la detecci\u00f3n de los perfiles cualificados que se necesitan, mejorando as\u00ed la respuesta y la orientaci\u00f3n formativa del centro y tambi\u00e9n haciendo m\u00e1s competitivo el propio sector.<\/span><\/p>\n","protected":false},"excerpt":{"rendered":"<p>Hoy, 21 de marzo, se lleva a cabo el primer Consejo Social del CIFP Centro del Mar del SOIB como centro integrado de formaci\u00f3n profesional. Queremos destacar este acontecimiento por la consolidaci\u00f3n del Centro en el \u00e1mbito educativo, pero tambi\u00e9n, para ser el primer Consejo Social que se hace en el \u00e1mbito insular. Este acto [&hellip;]<\/p>\n","protected":false},"author":7,"featured_media":54026,"comment_status":"open","ping_status":"open","sticky":false,"template":"","format":"standard","meta":{"_acf_changed":false,"_et_pb_use_builder":"","_et_pb_old_content":"","_et_gb_content_width":"","footnotes":"","_links_to":"","_links_to_target":""},"categories":[50],"tags":[212,213,214,216,197,107,215],"class_list":["post-54028","post","type-post","status-publish","format-standard","has-post-thumbnail","hentry","category-noticias","tag-cifp-es","tag-consejo-social","tag-educacion","tag-illes-balears-es","tag-menorca-es","tag-soib-es","tag-trabajo"],"acf":[],"publishpress_future_action":{"enabled":false,"date":"2026-05-09 15:00:28","action":"change-status","newStatus":"draft","terms":[],"taxonomy":"category","extraData":[]},"publishpress_future_workflow_manual_trigger":{"enabledWorkflows":[]},"_links":{"self":[{"href":"https:\/\/centredelamar.com\/es\/wp-json\/wp\/v2\/posts\/54028","targetHints":{"allow":["GET"]}}],"collection":[{"href":"https:\/\/centredelamar.com\/es\/wp-json\/wp\/v2\/posts"}],"about":[{"href":"https:\/\/centredelamar.com\/es\/wp-json\/wp\/v2\/types\/post"}],"author":[{"embeddable":true,"href":"https:\/\/centredelamar.com\/es\/wp-json\/wp\/v2\/users\/7"}],"replies":[{"embeddable":true,"href":"https:\/\/centredelamar.com\/es\/wp-json\/wp\/v2\/comments?post=54028"}],"version-history":[{"count":0,"href":"https:\/\/centredelamar.com\/es\/wp-json\/wp\/v2\/posts\/54028\/revisions"}],"wp:featuredmedia":[{"embeddable":true,"href":"https:\/\/centredelamar.com\/es\/wp-json\/wp\/v2\/media\/54026"}],"wp:attachment":[{"href":"https:\/\/centredelamar.com\/es\/wp-json\/wp\/v2\/media?parent=54028"}],"wp:term":[{"taxonomy":"category","embeddable":true,"href":"https:\/\/centredelamar.com\/es\/wp-json\/wp\/v2\/categories?post=54028"},{"taxonomy":"post_tag","embeddable":true,"href":"https:\/\/centredelamar.com\/es\/wp-json\/wp\/v2\/tags?post=54028"}],"curies":[{"name":"wp","href":"https:\/\/api.w.org\/{rel}","templated":true}]}}